{"id":5,"date":"2024-05-31T13:10:00","date_gmt":"2024-05-31T13:10:00","guid":{"rendered":"https:\/\/benjamindyke.com\/att-salja-it-tjanster-erfarenhet-och-passion-i-en-digital-varld\/"},"modified":"2024-06-03T17:52:29","modified_gmt":"2024-06-03T17:52:29","slug":"att-salja-it-tjanster-erfarenhet-och-passion-i-en-digital-varld","status":"publish","type":"post","link":"https:\/\/benjamindyke.com\/en\/att-salja-it-tjanster-erfarenhet-och-passion-i-en-digital-varld\/","title":{"rendered":"Att s\u00e4lja IT-tj\u00e4nster: Erfarenhet och Passion i en Digital V\u00e4rld"},"content":{"rendered":"\n[et_pb_section][et_pb_row][et_pb_column type=&#8221;4_4&#8243;][et_pb_text]<p>Min erfarenhet inom IT-branschen str\u00e4cker sig \u00f6ver flera decennier och innefattar roller som IT-chef, IT-tekniker och IT-konsult. Genom dessa olika positioner har jag f\u00e5tt en djupg\u00e5ende f\u00f6rst\u00e5else f\u00f6r de m\u00e5nga aspekterna av IT, fr\u00e5n strategisk planering till teknisk support. Denna omfattande erfarenhet g\u00f6r att jag kan erbjuda en bred palett av IT-tj\u00e4nster som \u00e4r noggrant anpassade efter mina kunders specifika behov.<\/p><p>Som IT-chef har jag lett team genom komplexa projekt och implementerat innovativa l\u00f6sningar som f\u00f6rb\u00e4ttrar aff\u00e4rsprocesser och \u00f6kar effektiviteten. Min tid som IT-tekniker har gett mig praktisk erfarenhet av att l\u00f6sa tekniska problem snabbt och effektivt, vilket \u00e4r avg\u00f6rande f\u00f6r att minimera driftstopp och s\u00e4kerst\u00e4lla kontinuerlig verksamhet. Som IT-konsult har jag haft m\u00f6jlighet att arbeta med en m\u00e4ngd olika f\u00f6retag, fr\u00e5n sm\u00e5 startups till stora multinationella organisationer, vilket har gett mig insikt i olika branschspecifika utmaningar och l\u00f6sningar.<\/p><p>Sedan lanseringen har jag \u00e4ven varit en aktiv administrat\u00f6r f\u00f6r Microsoft 365 och Teams. Denna specialisering har gett mig en unik kompetens att hj\u00e4lpa f\u00f6retag och individer att maximera nyttan av dessa kraftfulla digitala plattformar. Genom att optimera anv\u00e4ndningen av Microsoft 365 och Teams kan jag hj\u00e4lpa organisationer att f\u00f6rb\u00e4ttra sin produktivitet, samarbete och s\u00e4kerhet.<\/p><p>Vad som s\u00e4rskiljer mig fr\u00e5n andra tj\u00e4nsteleverant\u00f6rer \u00e4r inte bara min omfattande erfarenhet utan ocks\u00e5 min passion f\u00f6r IT. Jag \u00e4r st\u00e4ndigt uppdaterad med de senaste teknologierna och b\u00e4sta praxis inom branschen. Min f\u00f6rm\u00e5ga att kombinera teknisk expertis med strategisk f\u00f6rst\u00e5else g\u00f6r att jag kan erbjuda l\u00f6sningar som inte bara l\u00f6ser dagens problem, utan \u00e4ven f\u00f6rbereder f\u00f6retag f\u00f6r framtidens utmaningar.<\/p>&#8221;`html<h2>Min Vision: Att Hj\u00e4lpa M\u00e4nniskor i en Digitaliserad V\u00e4rld<\/h2><p>Min passion f\u00f6r att hj\u00e4lpa m\u00e4nniskor har alltid varit drivkraften bakom mitt arbete inom IT. I en v\u00e4rld som blir alltmer digitaliserad \u00e4r det viktigt att ingen individ eller verksamhet hamnar p\u00e5 efterk\u00e4lken. Jag str\u00e4var efter att erbjuda IT-tj\u00e4nster som inkluderar alla, oavsett deras tekniska kunskaper eller budget. Genom att fokusera p\u00e5 de mindre jobb som st\u00f6rre akt\u00f6rer ofta ignorerar, kan jag g\u00f6ra en verklig skillnad f\u00f6r sm\u00e5f\u00f6retag och enskilda personer i Torsby och dess omgivning.<\/p><p>En av mina strategier f\u00f6r att h\u00e5lla nere priserna \u00e4r att jag inte betalar f\u00f6r en lokal. Detta g\u00f6r det m\u00f6jligt f\u00f6r mig att erbjuda konkurrenskraftiga priser samtidigt som jag bibeh\u00e5ller h\u00f6g kvalitet p\u00e5 mina tj\u00e4nster. D\u00e4rtill har jag byggt upp v\u00e4rdefulla kontakter i b\u00e5de USA och UK, vilket ger mig en unik f\u00f6rdel gentemot andra akt\u00f6rer i regionen. Dessa internationella n\u00e4tverk till\u00e5ter mig att h\u00e5lla mig uppdaterad med de senaste teknologierna och trenderna inom IT-branschen, vilket i sin tur gynnar mina kunder.<\/p><p>F\u00f6r mig handlar det om mer \u00e4n bara teknik; det handlar om att skapa en positiv inverkan p\u00e5 m\u00e4nniskors liv. Genom att erbjuda tillf\u00f6rlitliga och prisv\u00e4rda IT-l\u00f6sningar, hoppas jag kunna bidra till en mer inkluderande digital v\u00e4rld d\u00e4r alla har lika m\u00f6jligheter att lyckas. Min vision \u00e4r att ingen ska k\u00e4nna sig utanf\u00f6r p\u00e5 grund av tekniska hinder, och jag \u00e4r fast besluten att forts\u00e4tta arbeta mot detta m\u00e5l.<\/p>&#8221;`[\/et_pb_text][\/et_pb_column][\/et_pb_row][\/et_pb_section]\n","protected":false},"excerpt":{"rendered":"<p><div class=\"et_pb_section et_pb_section_0 et_section_regular\" >\n\t\t\t\t\n\t\t\t\t\n\t\t\t\t\n\t\t\t\t\n\t\t\t\t\n\t\t\t\t\n\t\t\t\t\n\t\t\t\t\n\t\t\t\t\n\t\t\t<\/div><div class=\"et_pb_row et_pb_row_0 et_pb_row_empty\">\n\t\t\t\t\n\t\t\t\t\n\t\t\t\t\n\t\t\t\t\n\t\t\t\t\n\t\t\t<\/div><div class=\"et_pb_module et_pb_text et_pb_text_0  et_pb_text_align_left et_pb_bg_layout_light\">\n\t\t\t\t\n\t\t\t\t\n\t\t\t\t\n\t\t\t\t\n\t\t\t\t\n\t\t\t<\/div>Min erfarenhet inom IT-branschen str\u00e4cker sig \u00f6ver flera decennier och innefattar roller som IT-chef, IT-tekniker och IT-konsult. Genom dessa olika positioner har jag f\u00e5tt en djupg\u00e5ende f\u00f6rst\u00e5else f\u00f6r de m\u00e5nga aspekterna av IT, fr\u00e5n strategisk planering till teknisk support. Denna omfattande erfarenhet g\u00f6r att jag kan erbjuda en bred palett av IT-tj\u00e4nster som \u00e4r noggrant [&hellip;]<\/p>\n","protected":false},"author":1,"featured_media":0,"comment_status":"open","ping_status":"open","sticky":false,"template":"","format":"standard","meta":{"_et_pb_use_builder":"on","_et_pb_old_content":"<p>Min erfarenhet inom IT-branschen str\u00e4cker sig \u00f6ver flera decennier och innefattar roller som IT-chef, IT-tekniker och IT-konsult. Genom dessa olika positioner har jag f\u00e5tt en djupg\u00e5ende f\u00f6rst\u00e5else f\u00f6r de m\u00e5nga aspekterna av IT, fr\u00e5n strategisk planering till teknisk support. Denna omfattande erfarenhet g\u00f6r att jag kan erbjuda en bred palett av IT-tj\u00e4nster som \u00e4r noggrant anpassade efter mina kunders specifika behov.<\/p><p>Som IT-chef har jag lett team genom komplexa projekt och implementerat innovativa l\u00f6sningar som f\u00f6rb\u00e4ttrar aff\u00e4rsprocesser och \u00f6kar effektiviteten. Min tid som IT-tekniker har gett mig praktisk erfarenhet av att l\u00f6sa tekniska problem snabbt och effektivt, vilket \u00e4r avg\u00f6rande f\u00f6r att minimera driftstopp och s\u00e4kerst\u00e4lla kontinuerlig verksamhet. Som IT-konsult har jag haft m\u00f6jlighet att arbeta med en m\u00e4ngd olika f\u00f6retag, fr\u00e5n sm\u00e5 startups till stora multinationella organisationer, vilket har gett mig insikt i olika branschspecifika utmaningar och l\u00f6sningar.<\/p><p>Sedan lanseringen har jag \u00e4ven varit en aktiv administrat\u00f6r f\u00f6r Microsoft 365 och Teams. Denna specialisering har gett mig en unik kompetens att hj\u00e4lpa f\u00f6retag och individer att maximera nyttan av dessa kraftfulla digitala plattformar. Genom att optimera anv\u00e4ndningen av Microsoft 365 och Teams kan jag hj\u00e4lpa organisationer att f\u00f6rb\u00e4ttra sin produktivitet, samarbete och s\u00e4kerhet.<\/p><p>Vad som s\u00e4rskiljer mig fr\u00e5n andra tj\u00e4nsteleverant\u00f6rer \u00e4r inte bara min omfattande erfarenhet utan ocks\u00e5 min passion f\u00f6r IT. Jag \u00e4r st\u00e4ndigt uppdaterad med de senaste teknologierna och b\u00e4sta praxis inom branschen. Min f\u00f6rm\u00e5ga att kombinera teknisk expertis med strategisk f\u00f6rst\u00e5else g\u00f6r att jag kan erbjuda l\u00f6sningar som inte bara l\u00f6ser dagens problem, utan \u00e4ven f\u00f6rbereder f\u00f6retag f\u00f6r framtidens utmaningar.<\/p>```html<h2>Min Vision: Att Hj\u00e4lpa M\u00e4nniskor i en Digitaliserad V\u00e4rld<\/h2><p>Min passion f\u00f6r att hj\u00e4lpa m\u00e4nniskor har alltid varit drivkraften bakom mitt arbete inom IT. I en v\u00e4rld som blir alltmer digitaliserad \u00e4r det viktigt att ingen individ eller verksamhet hamnar p\u00e5 efterk\u00e4lken. Jag str\u00e4var efter att erbjuda IT-tj\u00e4nster som inkluderar alla, oavsett deras tekniska kunskaper eller budget. Genom att fokusera p\u00e5 de mindre jobb som st\u00f6rre akt\u00f6rer ofta ignorerar, kan jag g\u00f6ra en verklig skillnad f\u00f6r sm\u00e5f\u00f6retag och enskilda personer i Torsby och dess omgivning.<\/p><p>En av mina strategier f\u00f6r att h\u00e5lla nere priserna \u00e4r att jag inte betalar f\u00f6r en lokal. Detta g\u00f6r det m\u00f6jligt f\u00f6r mig att erbjuda konkurrenskraftiga priser samtidigt som jag bibeh\u00e5ller h\u00f6g kvalitet p\u00e5 mina tj\u00e4nster. D\u00e4rtill har jag byggt upp v\u00e4rdefulla kontakter i b\u00e5de USA och UK, vilket ger mig en unik f\u00f6rdel gentemot andra akt\u00f6rer i regionen. Dessa internationella n\u00e4tverk till\u00e5ter mig att h\u00e5lla mig uppdaterad med de senaste teknologierna och trenderna inom IT-branschen, vilket i sin tur gynnar mina kunder.<\/p><p>F\u00f6r mig handlar det om mer \u00e4n bara teknik; det handlar om att skapa en positiv inverkan p\u00e5 m\u00e4nniskors liv. Genom att erbjuda tillf\u00f6rlitliga och prisv\u00e4rda IT-l\u00f6sningar, hoppas jag kunna bidra till en mer inkluderande digital v\u00e4rld d\u00e4r alla har lika m\u00f6jligheter att lyckas. Min vision \u00e4r att ingen ska k\u00e4nna sig utanf\u00f6r p\u00e5 grund av tekniska hinder, och jag \u00e4r fast besluten att forts\u00e4tta arbeta mot detta m\u00e5l.<\/p>```","_et_gb_content_width":"","_monsterinsights_skip_tracking":false,"_monsterinsights_sitenote_active":false,"_monsterinsights_sitenote_note":"","_monsterinsights_sitenote_category":0,"footnotes":""},"categories":[1],"tags":[],"class_list":["post-5","post","type-post","status-publish","format-standard","hentry","category-blog"],"aioseo_notices":[],"_links":{"self":[{"href":"https:\/\/benjamindyke.com\/en\/wp-json\/wp\/v2\/posts\/5","targetHints":{"allow":["GET"]}}],"collection":[{"href":"https:\/\/benjamindyke.com\/en\/wp-json\/wp\/v2\/posts"}],"about":[{"href":"https:\/\/benjamindyke.com\/en\/wp-json\/wp\/v2\/types\/post"}],"author":[{"embeddable":true,"href":"https:\/\/benjamindyke.com\/en\/wp-json\/wp\/v2\/users\/1"}],"replies":[{"embeddable":true,"href":"https:\/\/benjamindyke.com\/en\/wp-json\/wp\/v2\/comments?post=5"}],"version-history":[{"count":1,"href":"https:\/\/benjamindyke.com\/en\/wp-json\/wp\/v2\/posts\/5\/revisions"}],"predecessor-version":[{"id":60,"href":"https:\/\/benjamindyke.com\/en\/wp-json\/wp\/v2\/posts\/5\/revisions\/60"}],"wp:attachment":[{"href":"https:\/\/benjamindyke.com\/en\/wp-json\/wp\/v2\/media?parent=5"}],"wp:term":[{"taxonomy":"category","embeddable":true,"href":"https:\/\/benjamindyke.com\/en\/wp-json\/wp\/v2\/categories?post=5"},{"taxonomy":"post_tag","embeddable":true,"href":"https:\/\/benjamindyke.com\/en\/wp-json\/wp\/v2\/tags?post=5"}],"curies":[{"name":"wp","href":"https:\/\/api.w.org\/{rel}","templated":true}]}}